{"id":5067,"date":"2022-12-13T00:11:07","date_gmt":"2022-12-13T00:11:07","guid":{"rendered":"https:\/\/astilias.com\/site\/?p=5067"},"modified":"2022-12-13T00:11:08","modified_gmt":"2022-12-13T00:11:08","slug":"casa-da-cereja","status":"publish","type":"post","link":"https:\/\/astilias.com\/site\/2022\/12\/13\/casa-da-cereja\/","title":{"rendered":"Casa da Cereja"},"content":{"rendered":"<p>Instalada na antiga escola prim\u00e1ria da Aldeia de Montanha de Alcongosta, a Casa da Cereja \u00e9 o centro do conhecimento sobre a Cereja, que se tornou marca territorial do Fund\u00e3o. A Casa da Cereja desafia o visitante a percorrer um caminho que o levar\u00e1 numa viajem emocional e sensorial de descoberta sobre os mais variados aspetos da Cerejeira e do seu fruto, no mundo e em particular no Fund\u00e3o.<\/p><p>Atrav\u00e9s de conte\u00fados multim\u00e9dia e interativos ser\u00e1 contada a hist\u00f3ria deste fruto e das gentes que dele vivem atrav\u00e9s de 4 salas que s\u00e3o cap\u00edtulos de um livro, que desvendam o significado a origem e a constitui\u00e7\u00e3o da cerejeira e do seu fruto.<\/p><p>A cereja no mundo, e em particular na encosta da Serra da Gardunha \u00e9 contada atrav\u00e9s da interpreta\u00e7\u00e3o das variedades de cereja existentes e da evolu\u00e7\u00e3o geogr\u00e1fica dos pomares. J\u00e1 o ciclo produtivo da cereja \u00e9 interpretado na sala Cereja do Fund\u00e3o atrav\u00e9s de um roteiro entre a planta\u00e7\u00e3o e a distribui\u00e7\u00e3o. Por \u00faltimo na sala Um Mundo de Artes\u00e3o, a cestaria \u00e9 a arte que cativar\u00e1 a curiosidade do visitante.<\/p><p>Este \u00e9 um espa\u00e7o museol\u00f3gico que lan\u00e7a um novo olhar sobre a Cereja, e em particular sobre a Cereja do Fund\u00e3o.<\/p>","protected":false},"excerpt":{"rendered":"<p>Instalada na antiga escola prim\u00e1ria da Aldeia de Montanha de Alcongosta, a Casa da Cereja \u00e9 o centro do conhecimento sobre a Cereja, que se tornou marca territorial do Fund\u00e3o. A Casa da Cereja desafia o visitante a percorrer um caminho que o levar\u00e1 numa viajem emocional e sensorial de descoberta sobre os mais variados aspetos da Cerejeira e do&hellip;<\/p>\n","protected":false},"author":1,"featured_media":5068,"comment_status":"closed","ping_status":"closed","sticky":false,"template":"","format":"standard","meta":{"footnotes":""},"categories":[13],"tags":[],"class_list":["post-5067","post","type-post","status-publish","format-standard","has-post-thumbnail","hentry","category-regiao"],"_links":{"self":[{"href":"https:\/\/astilias.com\/site\/wp-json\/wp\/v2\/posts\/5067","targetHints":{"allow":["GET"]}}],"collection":[{"href":"https:\/\/astilias.com\/site\/wp-json\/wp\/v2\/posts"}],"about":[{"href":"https:\/\/astilias.com\/site\/wp-json\/wp\/v2\/types\/post"}],"author":[{"embeddable":true,"href":"https:\/\/astilias.com\/site\/wp-json\/wp\/v2\/users\/1"}],"replies":[{"embeddable":true,"href":"https:\/\/astilias.com\/site\/wp-json\/wp\/v2\/comments?post=5067"}],"version-history":[{"count":1,"href":"https:\/\/astilias.com\/site\/wp-json\/wp\/v2\/posts\/5067\/revisions"}],"predecessor-version":[{"id":5069,"href":"https:\/\/astilias.com\/site\/wp-json\/wp\/v2\/posts\/5067\/revisions\/5069"}],"wp:featuredmedia":[{"embeddable":true,"href":"https:\/\/astilias.com\/site\/wp-json\/wp\/v2\/media\/5068"}],"wp:attachment":[{"href":"https:\/\/astilias.com\/site\/wp-json\/wp\/v2\/media?parent=5067"}],"wp:term":[{"taxonomy":"category","embeddable":true,"href":"https:\/\/astilias.com\/site\/wp-json\/wp\/v2\/categories?post=5067"},{"taxonomy":"post_tag","embeddable":true,"href":"https:\/\/astilias.com\/site\/wp-json\/wp\/v2\/tags?post=5067"}],"curies":[{"name":"wp","href":"https:\/\/api.w.org\/{rel}","templated":true}]}}