{"id":5070,"date":"2022-12-13T00:12:14","date_gmt":"2022-12-13T00:12:14","guid":{"rendered":"https:\/\/astilias.com\/site\/?p=5070"},"modified":"2022-12-13T00:12:15","modified_gmt":"2022-12-13T00:12:15","slug":"palacio-do-picadeiro","status":"publish","type":"post","link":"https:\/\/astilias.com\/site\/2022\/12\/13\/palacio-do-picadeiro\/","title":{"rendered":"Pal\u00e1cio do Picadeiro"},"content":{"rendered":"<p>Em Alpedrinha, ao subir a cal\u00e7ada romana, deparamo-nos com a impon\u00eancia do Pal\u00e1cio do Picadeiro, edif\u00edcio constru\u00eddo nos finais do s\u00e9c. XVIII. Segundo registos ter\u00e1 sido constru\u00edda sobre outra edifica\u00e7\u00e3o apala\u00e7ada mais antiga, conhecida como Casa Quadrada que pertenceu \u00e0 fam\u00edlia Taborda e posteriormente ao Jesu\u00edtas. A sua estrutura atual resultou da vontade de Francisco Sarafana Correia da Silva de a\u00ed instalar a sua resid\u00eancia, como prova o bras\u00e3o familiar na fachada. Nascido na vila de Alpedrinha em 1738 e falecido na mesma em 1803, Francisco Sarafana Correia da Silva foi um reputado magistrado que desempenhou diversos cargos forenses em cidades e vilas. \u00c9 de facto um edif\u00edcio de grande magnific\u00eancia e ousadia, sabe-se que teve a dire\u00e7\u00e3o do mestre pedreiro Carlos Caetano Correia de Castro que lhe conferiu uma gram\u00e1tica estil\u00edstica solarenga tipicamente Barroca. Ao longo da sua hist\u00f3ria, e ap\u00f3s o falecimento dos seus (primeiros) donos, o edif\u00edcio teve transitoriamente v\u00e1rias fun\u00e7\u00f5es, tendo sido Tribunal da Comarca, Oficina Tipogr\u00e1fica do Jornal \u201cEstrela da Beira\u201d e hospital substituto da Miseric\u00f3rdia.<\/p><p>Imperd\u00edvel \u00e9 ainda a fant\u00e1stica vista que o Pal\u00e1cio do Picadeiro oferece do seu terra\u00e7o panor\u00e2mico sob o territ\u00f3rio envolvente.<\/p><p><strong>Reabre brevemente<\/strong><\/p>","protected":false},"excerpt":{"rendered":"<p>Em Alpedrinha, ao subir a cal\u00e7ada romana, deparamo-nos com a impon\u00eancia do Pal\u00e1cio do Picadeiro, edif\u00edcio constru\u00eddo nos finais do s\u00e9c. XVIII. Segundo registos ter\u00e1 sido constru\u00edda sobre outra edifica\u00e7\u00e3o apala\u00e7ada mais antiga, conhecida como Casa Quadrada que pertenceu \u00e0 fam\u00edlia Taborda e posteriormente ao Jesu\u00edtas. A sua estrutura atual resultou da vontade de Francisco Sarafana Correia da Silva de&hellip;<\/p>\n","protected":false},"author":1,"featured_media":5071,"comment_status":"closed","ping_status":"closed","sticky":false,"template":"","format":"standard","meta":{"footnotes":""},"categories":[13],"tags":[],"class_list":["post-5070","post","type-post","status-publish","format-standard","has-post-thumbnail","hentry","category-regiao"],"_links":{"self":[{"href":"https:\/\/astilias.com\/site\/wp-json\/wp\/v2\/posts\/5070","targetHints":{"allow":["GET"]}}],"collection":[{"href":"https:\/\/astilias.com\/site\/wp-json\/wp\/v2\/posts"}],"about":[{"href":"https:\/\/astilias.com\/site\/wp-json\/wp\/v2\/types\/post"}],"author":[{"embeddable":true,"href":"https:\/\/astilias.com\/site\/wp-json\/wp\/v2\/users\/1"}],"replies":[{"embeddable":true,"href":"https:\/\/astilias.com\/site\/wp-json\/wp\/v2\/comments?post=5070"}],"version-history":[{"count":1,"href":"https:\/\/astilias.com\/site\/wp-json\/wp\/v2\/posts\/5070\/revisions"}],"predecessor-version":[{"id":5072,"href":"https:\/\/astilias.com\/site\/wp-json\/wp\/v2\/posts\/5070\/revisions\/5072"}],"wp:featuredmedia":[{"embeddable":true,"href":"https:\/\/astilias.com\/site\/wp-json\/wp\/v2\/media\/5071"}],"wp:attachment":[{"href":"https:\/\/astilias.com\/site\/wp-json\/wp\/v2\/media?parent=5070"}],"wp:term":[{"taxonomy":"category","embeddable":true,"href":"https:\/\/astilias.com\/site\/wp-json\/wp\/v2\/categories?post=5070"},{"taxonomy":"post_tag","embeddable":true,"href":"https:\/\/astilias.com\/site\/wp-json\/wp\/v2\/tags?post=5070"}],"curies":[{"name":"wp","href":"https:\/\/api.w.org\/{rel}","templated":true}]}}